{"id":835,"date":"2026-09-02T11:27:00","date_gmt":"2026-09-02T11:27:00","guid":{"rendered":"https:\/\/shiatsu-tjq-fribourg.ch\/blog\/?p=835"},"modified":"2026-09-02T11:44:17","modified_gmt":"2026-09-02T11:44:17","slug":"jamais-trop-tard-pour-bouger-et-si-le-tai-ji-quan-etait-la-cle","status":"publish","type":"post","link":"https:\/\/shiatsu-tjq-fribourg.ch\/blog\/2026\/09\/02\/jamais-trop-tard-pour-bouger-et-si-le-tai-ji-quan-etait-la-cle\/","title":{"rendered":"Jamais trop tard pour bouger : et si le Tai Ji Quan \u00e9tait la cl\u00e9 ?"},"content":{"rendered":"\n<p class=\"wp-block-paragraph\"><em>Inspir\u00e9 d&rsquo;un dossier paru dans La Libert\u00e9 le 19 juin 2026 \u2014 <a href=\"https:\/\/www.laliberte.ch\/journal\/0a80fe90-5b94-4997-bc55-2933f88a7313\/2026-06-19\" class=\"myhyperlink\">lire l&rsquo;article original<\/a><\/em><\/p>\n\n\n\n<p class=\"wp-block-paragraph\">Un dossier r\u00e9cent de <em>La Libert\u00e9<\/em> revient sur une question que beaucoup se posent en prenant de l&rsquo;\u00e2ge : comment (re)commencer \u00e0 bouger, et pourquoi c&rsquo;est plus important qu&rsquo;on ne le pense. Deux volets de ce dossier m&rsquo;ont particuli\u00e8rement parl\u00e9, et je voulais partager ce qu&rsquo;ils m&rsquo;inspirent en tant qu&rsquo;enseignant d&rsquo;Art du Chi.<\/p>\n\n\n\n<h2 class=\"wp-block-heading has-white-color has-text-color has-link-color wp-elements-1\">Le mouvement, un alli\u00e9 plus puissant que la m\u00e9decine<\/h2>\n\n\n\n<p class=\"wp-block-paragraph\">Dans une interview accord\u00e9e au journal, la Dre Ilaria Sabione, m\u00e9decin associ\u00e9e au service de g\u00e9riatrie aigu\u00eb de l&rsquo;H\u00f4pital fribourgeois, rappelle que reprendre une activit\u00e9 physique apr\u00e8s 60 ans est avant tout une question de progressivit\u00e9, pas de performance. Il ne s&rsquo;agit pas de viser l&rsquo;exploit, mais de r\u00e9introduire du mouvement r\u00e9gulier et s\u00e9curis\u00e9 dans le quotidien : marches de 10 \u00e0 15 minutes, escaliers, jardinage, exercices d&rsquo;\u00e9quilibre. L&rsquo;essentiel, selon elle, est de choisir une activit\u00e9 plaisante et de la maintenir sur la dur\u00e9e.<\/p>\n\n\n\n<p class=\"wp-block-paragraph\">Elle souligne aussi un point qui va \u00e0 contre-courant des id\u00e9es re\u00e7ues : ce n&rsquo;est pas l&rsquo;activit\u00e9 qui use les articulations, mais l&rsquo;inactivit\u00e9 qui aggrave la faiblesse musculaire et la raideur. Le mouvement r\u00e9gulier renforce les muscles, am\u00e9liore la mobilit\u00e9 et module m\u00eame la perception de la douleur. Autrement dit, bouger n&rsquo;aggrave pas l&rsquo;arthrose \u2014 cela freine plut\u00f4t sa progression et aide \u00e0 pr\u00e9server la densit\u00e9 osseuse.<\/p>\n\n\n\n<p class=\"wp-block-paragraph\">Message cl\u00e9 de la sp\u00e9cialiste : le vieillissement biologique est in\u00e9vitable, mais une grande partie de la perte d&rsquo;autonomie li\u00e9e \u00e0 l&rsquo;\u00e2ge est \u00e9vitable, et des b\u00e9n\u00e9fices r\u00e9els sont possibles m\u00eame en commen\u00e7ant \u00e0 60, 70 ou 80 ans.<\/p>\n\n\n\n<h2 class=\"wp-block-heading has-white-color has-text-color has-link-color wp-elements-2\">Le Tai Ji Quan, une porte d&rsquo;entr\u00e9e toute d\u00e9sign\u00e9e<\/h2>\n\n\n\n<p class=\"wp-block-paragraph\">C&rsquo;est dans le second volet du dossier, consacr\u00e9 \u00e0 l&rsquo;offre d&rsquo;activit\u00e9s pour seniors dans le canton, que le Tai Ji Quan trouve sa place. Fanny Perdereau, responsable du programme d&rsquo;activit\u00e9s chez Pro Senectute Fribourg, y d\u00e9taille l&rsquo;\u00e9ventail propos\u00e9 dans le canton : cours de gym, zumba, Pilates, yoga, activit\u00e9s de plein air \u2014 et donc le <strong>ta\u00ef-chi<\/strong>, cit\u00e9 explicitement parmi les disciplines phares offertes aux a\u00een\u00e9s.<\/p>\n\n\n\n<p class=\"wp-block-paragraph\">Ce n&rsquo;est pas un hasard si le Tai Ji Quan figure naturellement dans ce type de programme. Il coche presque toutes les cases que la Dre Sabione appelle de ses v\u0153ux :<\/p>\n\n\n\n<ul class=\"wp-block-list\">\n<li><strong>Progressivit\u00e9<\/strong> : chaque mouvement peut \u00eatre adapt\u00e9 \u00e0 ses propres limites, sans jamais forcer.<\/li>\n\n\n\n<li><strong>Travail de l&rsquo;\u00e9quilibre<\/strong> : au c\u0153ur m\u00eame de la pratique du Tai Ji Quan, jouer avec son \u00e9quilibre. Ce qui rejoint directement les recommandations suisses actuelles \u2014 des exercices d&rsquo;\u00e9quilibre plusieurs fois par semaine pour r\u00e9duire le risque de chute.<\/li>\n\n\n\n<li><strong>Renforcement musculaire en douceur<\/strong> : par des positions tenues et des transferts de poids lents, sans impact sur les articulations.<\/li>\n\n\n\n<li><strong>Plaisir et r\u00e9gularit\u00e9<\/strong> : une pratique que l&rsquo;on peut suivre en groupe, dans la dur\u00e9e, ce qui \u2014 selon l&rsquo;article \u2014 est justement le facteur qui fait la diff\u00e9rence \u00e0 long terme.<\/li>\n<\/ul>\n\n\n\n<h2 class=\"wp-block-heading has-white-color has-text-color has-link-color wp-elements-3\">En r\u00e9sum\u00e9<\/h2>\n\n\n\n<p class=\"wp-block-paragraph\">Ce dossier de <em>La Libert\u00e9<\/em> confirme, avec l&rsquo;appui d&rsquo;une sp\u00e9cialiste en g\u00e9riatrie, ce que la pratique du Tai Ji Quan enseigne depuis toujours : le mouvement lent, r\u00e9gulier et conscient n&rsquo;est pas une activit\u00e9 \u00ab douce \u00bb r\u00e9serv\u00e9e \u00e0 ceux qui ne peuvent plus rien faire \u2014 c&rsquo;est au contraire l&rsquo;un des outils les plus efficaces pour pr\u00e9server la force, l&rsquo;\u00e9quilibre et l&rsquo;autonomie en avan\u00e7ant en \u00e2ge.<\/p>\n\n\n\n<p class=\"wp-block-paragraph\"><em>Pour aller plus loin, l&rsquo;article complet est disponible sur <a href=\"https:\/\/www.laliberte.ch\/journal\/0a80fe90-5b94-4997-bc55-2933f88a7313\/2026-06-19\" class=\"myhyperlink\">le site de La Libert\u00e9<\/a> (contenu r\u00e9serv\u00e9 aux abonn\u00e9s). Le dossier s&rsquo;appuie \u00e9galement sur le livre de Marc Picard, kin\u00e9sith\u00e9rapeute et ost\u00e9opathe, \u00ab\u00a0Bouger apr\u00e8s 60 ans\u00a0\u00bb (Actes Sud, 176 p.).<\/em><\/p>\n\n\n\n<p class=\"wp-block-paragraph\"><\/p>\n","protected":false},"excerpt":{"rendered":"<p>Les mouvements lents, r\u00e9guliers et conscients du Tai Ji Quan sont parmi les outils les plus efficaces pour pr\u00e9server la force, l&rsquo;\u00e9quilibre et l&rsquo;autonomie [\u2026]<\/p>\n","protected":false},"author":2,"featured_media":237,"comment_status":"open","ping_status":"open","sticky":false,"template":"","format":"standard","meta":{"footnotes":""},"categories":[2],"tags":[31,13,14],"class_list":["post-835","post","type-post","status-publish","format-standard","has-post-thumbnail","hentry","category-art-du-chi","tag-mouvement","tag-tai-chi","tag-tai-ji"],"_links":{"self":[{"href":"https:\/\/shiatsu-tjq-fribourg.ch\/blog\/wp-json\/wp\/v2\/posts\/835","targetHints":{"allow":["GET"]}}],"collection":[{"href":"https:\/\/shiatsu-tjq-fribourg.ch\/blog\/wp-json\/wp\/v2\/posts"}],"about":[{"href":"https:\/\/shiatsu-tjq-fribourg.ch\/blog\/wp-json\/wp\/v2\/types\/post"}],"author":[{"embeddable":true,"href":"https:\/\/shiatsu-tjq-fribourg.ch\/blog\/wp-json\/wp\/v2\/users\/2"}],"replies":[{"embeddable":true,"href":"https:\/\/shiatsu-tjq-fribourg.ch\/blog\/wp-json\/wp\/v2\/comments?post=835"}],"version-history":[{"count":8,"href":"https:\/\/shiatsu-tjq-fribourg.ch\/blog\/wp-json\/wp\/v2\/posts\/835\/revisions"}],"predecessor-version":[{"id":843,"href":"https:\/\/shiatsu-tjq-fribourg.ch\/blog\/wp-json\/wp\/v2\/posts\/835\/revisions\/843"}],"wp:featuredmedia":[{"embeddable":true,"href":"https:\/\/shiatsu-tjq-fribourg.ch\/blog\/wp-json\/wp\/v2\/media\/237"}],"wp:attachment":[{"href":"https:\/\/shiatsu-tjq-fribourg.ch\/blog\/wp-json\/wp\/v2\/media?parent=835"}],"wp:term":[{"taxonomy":"category","embeddable":true,"href":"https:\/\/shiatsu-tjq-fribourg.ch\/blog\/wp-json\/wp\/v2\/categories?post=835"},{"taxonomy":"post_tag","embeddable":true,"href":"https:\/\/shiatsu-tjq-fribourg.ch\/blog\/wp-json\/wp\/v2\/tags?post=835"}],"curies":[{"name":"wp","href":"https:\/\/api.w.org\/{rel}","templated":true}]}}